{"id":1013,"date":"2016-03-17T09:07:37","date_gmt":"2016-03-17T09:07:37","guid":{"rendered":"http:\/\/mosir.gizycko.pl\/?p=1013"},"modified":"2017-07-02T14:18:27","modified_gmt":"2017-07-02T14:18:27","slug":"broziu","status":"publish","type":"post","link":"https:\/\/mosir.gizycko.pl\/?p=1013","title":{"rendered":"TRENER NAWA\u0141KA TE\u017b TO WIDZIA\u0141"},"content":{"rendered":"<p><strong>O \u0141ukaszu Broziu m\u00f3wi od \u015brody ca\u0142a sportowa Polska. W meczu Legii Warszawa z bydgoskim Zawisz\u0105 (4:0) w p\u00f3\u0142finale Pucharu Polski by\u0142y pi\u0142karz gi\u017cyckich Mamr popisa\u0142 si\u0119 kapitalnym uderzeniem z ponad 30 metr\u00f3w. To by\u0142 gol, kt\u00f3ry urod\u0105 przebi\u0142 wszystkie \u015brodowe trafienia w Europie, nawet te w Lidze Mistrz\u00f3w &#8211; m\u00f3wi\u0105 pi\u0142karscy eksperci.<\/strong><\/p>\n<p style=\"text-align: justify;\">\u0141ukasz Bro\u017a nie ma ostatnio zbyt wielu powod\u00f3w do zadowolenia. Wprawdzie jego Legia prowadzi w T-Mobile Ekstraklasie i jedn\u0105 nog\u0105 jest ju\u017c w finale Pucharu Polski (kwietniowy rewan\u017c w Bydgoszczy wydaje si\u0119 by\u0107 dla legionist\u00f3w wycieczk\u0105 krajoznawcz\u0105), ale sam &#8222;Diabe\u0142&#8221; na muraw\u0119 wchodzi wy\u0142\u0105cznie podczas trening\u00f3w. &#8222;Etatowym&#8221; prawym obro\u0144c\u0105 &#8222;Wojskowych&#8221; trener Stanis\u0142aw Czerczesow uczyni\u0142 bowiem \u015bci\u0105gni\u0119tego w przerwie zimowej z Rosji reprezentanta Polski Artura J\u0119drzejczyka, kt\u00f3ry &#8222;pogodzi\u0142&#8221; dotychczas rywalizuj\u0105cych o &#8222;plac&#8221; na boku defensywy Brozia i Bartosza Bereszy\u0144skiego. W ka\u017cdym meczu dla jednego z tych dw\u00f3ch graczy brakuje miejsca w meczowej osiemnastce&#8230;<\/p>\n<p style=\"text-align: justify;\">W \u015brodowym p\u00f3\u0142finale Pucharu Polski z Zawisz\u0105 Bydgoszcz Czerczesow da\u0142 &#8222;J\u0119dzy&#8221; odpocz\u0105\u0107. Na \u0142awce rezerwowych usiad\u0142 &#8222;Bere\u015b&#8221;, a w wyj\u015bciowej jedenastce znalaz\u0142 si\u0119 nasz &#8222;Diabe\u0142&#8221;. O tym, ze by\u0142a to trafna decyzja, rosyjski szkoleniowiec i 15 tysi\u0119cy kibic\u00f3w na stadionie Legii przekonali si\u0119 w 50. minucie. Ale co tu pisa\u0107, po prostu popatrzcie Pa\u0144stwo na t\u0119 akcj\u0119&#8230;<\/p>\n<p>&nbsp;<\/p>\n<div style=\"width: 656px;\" class=\"wp-video\"><video class=\"wp-video-shortcode\" id=\"video-1013-1\" width=\"656\" height=\"462\" preload=\"metadata\" controls=\"controls\"><source type=\"video\/mp4\" src=\"https:\/\/mosir.gizycko.pl\/wp-content\/uploads\/2016\/03\/Pi\u0119kna-bramka-Brozia-Beka-z-Ekstraklasy.mp4?_=1\" \/><a href=\"https:\/\/mosir.gizycko.pl\/wp-content\/uploads\/2016\/03\/Pi\u0119kna-bramka-Brozia-Beka-z-Ekstraklasy.mp4\">https:\/\/mosir.gizycko.pl\/wp-content\/uploads\/2016\/03\/Pi\u0119kna-bramka-Brozia-Beka-z-Ekstraklasy.mp4<\/a><\/video><\/div>\n<p>&nbsp;<\/p>\n<p style=\"text-align: justify;\">Tak, Mili Pa\u0144stwo, strzela ch\u0142opak z Gi\u017cycka! To drugi gol \u0141ukasza Brozia w oficjalnym meczu sto\u0142ecznej Legii, ale pierwszy zdobyty z akcji (&#8222;Diabe\u0142&#8221; mia\u0142 na koncie bramk\u0119 z rzutu karnego w pucharowym starciu z Pogoni\u0105 Szczecin). Dwie minuty po cudownym trafieniu 31-letni by\u0142y pi\u0142karz Mamr ponownie pokona\u0142 golkipera Zawiszy! Tym razem jednak s\u0119dzia gola nie uzna\u0142, odgwizduj\u0105c spalonego.<\/p>\n<p style=\"text-align: justify;\"><img loading=\"lazy\" decoding=\"async\" class=\"alignnone size-full wp-image-1020\" src=\"https:\/\/mosir.gizycko.pl\/wp-content\/uploads\/2016\/03\/bro.jpg\" alt=\"bro\" width=\"640\" height=\"467\" srcset=\"https:\/\/mosir.gizycko.pl\/wp-content\/uploads\/2016\/03\/bro.jpg 640w, https:\/\/mosir.gizycko.pl\/wp-content\/uploads\/2016\/03\/bro-300x219.jpg 300w\" sizes=\"auto, (max-width: 640px) 100vw, 640px\" \/><\/p>\n<p style=\"text-align: justify;\">Mecz przy \u0141azienkowskiej z trybun ogl\u0105da\u0142 selekcjoner reprezentacji Polski Adam Nawa\u0142ka, kt\u00f3ry jeszcze kilkana\u015bcie miesi\u0119cy temu mocno interesowa\u0142 si\u0119 \u0141ukaszem Broziem w kontek\u015bcie zmiennika dla \u0141ukasza Piszczka na prawej flance w kadrze. O tym, czy \u015brodowa &#8222;bomba&#8221; gi\u017cyckiego legionisty ponownie przybli\u017cy\u0142a go do &#8222;repry&#8221;, przekonamy si\u0119 ju\u017c niebawem. Adam Nawa\u0142ka po najbli\u017cszej ligowej kolejce wy\u015ble bowiem powo\u0142ania do zawodnik\u00f3w z T-Mobile Ekstraklasy na towarzyskie mecze Polski z Serbi\u0105 (23 marca) i Finlandi\u0105 (26 marca).<\/p>\n<p style=\"text-align: right;\"><strong>bz, fot: legia.com<br \/>\n<\/strong><\/p>\n<p>&nbsp;<\/p>\n","protected":false},"excerpt":{"rendered":"<p>O \u0141ukaszu Broziu m\u00f3wi od \u015brody ca\u0142a sportowa Polska. W meczu Legii Warszawa z bydgoskim Zawisz\u0105 (4:0) w p\u00f3\u0142finale Pucharu Polski by\u0142y pi\u0142karz gi\u017cyckich Mamr popisa\u0142 si\u0119 kapitalnym uderzeniem z ponad 30 metr\u00f3w. To by\u0142 gol, kt\u00f3ry urod\u0105 przebi\u0142 wszystkie \u015brodowe trafienia w Europie, nawet [&hellip;]<\/p>\n","protected":false},"author":2,"featured_media":1019,"comment_status":"closed","ping_status":"closed","sticky":false,"template":"","format":"standard","meta":{"footnotes":""},"categories":[34],"tags":[],"class_list":["post-1013","post","type-post","status-publish","format-standard","has-post-thumbnail","hentry","category-pilka-nozna"],"_links":{"self":[{"href":"https:\/\/mosir.gizycko.pl\/index.php?rest_route=\/wp\/v2\/posts\/1013","targetHints":{"allow":["GET"]}}],"collection":[{"href":"https:\/\/mosir.gizycko.pl\/index.php?rest_route=\/wp\/v2\/posts"}],"about":[{"href":"https:\/\/mosir.gizycko.pl\/index.php?rest_route=\/wp\/v2\/types\/post"}],"author":[{"embeddable":true,"href":"https:\/\/mosir.gizycko.pl\/index.php?rest_route=\/wp\/v2\/users\/2"}],"replies":[{"embeddable":true,"href":"https:\/\/mosir.gizycko.pl\/index.php?rest_route=%2Fwp%2Fv2%2Fcomments&post=1013"}],"version-history":[{"count":12,"href":"https:\/\/mosir.gizycko.pl\/index.php?rest_route=\/wp\/v2\/posts\/1013\/revisions"}],"predecessor-version":[{"id":1858,"href":"https:\/\/mosir.gizycko.pl\/index.php?rest_route=\/wp\/v2\/posts\/1013\/revisions\/1858"}],"wp:featuredmedia":[{"embeddable":true,"href":"https:\/\/mosir.gizycko.pl\/index.php?rest_route=\/wp\/v2\/media\/1019"}],"wp:attachment":[{"href":"https:\/\/mosir.gizycko.pl\/index.php?rest_route=%2Fwp%2Fv2%2Fmedia&parent=1013"}],"wp:term":[{"taxonomy":"category","embeddable":true,"href":"https:\/\/mosir.gizycko.pl\/index.php?rest_route=%2Fwp%2Fv2%2Fcategories&post=1013"},{"taxonomy":"post_tag","embeddable":true,"href":"https:\/\/mosir.gizycko.pl\/index.php?rest_route=%2Fwp%2Fv2%2Ftags&post=1013"}],"curies":[{"name":"wp","href":"https:\/\/api.w.org\/{rel}","templated":true}]}}