{"id":1316,"date":"2016-05-01T14:23:03","date_gmt":"2016-05-01T14:23:03","guid":{"rendered":"http:\/\/mosir.gizycko.pl\/?p=1316"},"modified":"2016-05-01T14:23:03","modified_gmt":"2016-05-01T14:23:03","slug":"mamry-znow-bezbarwne","status":"publish","type":"post","link":"https:\/\/mosir.gizycko.pl\/?p=1316","title":{"rendered":"MAMRY ZN\u00d3W BEZBARWNE"},"content":{"rendered":"<p style=\"text-align: justify;\"><strong>Kibice, kt\u00f3rzy w sobotnie popo\u0142udnie przybyli na stadion MOSiR w Gi\u017cycku, by obejrze\u0107 w akcji czwartoligowych pi\u0142karzy Mamr i Polonii Pas\u0142\u0119k, zobaczyli dwie bramki. Niestety, do \u017cadnej z tych bramek tym razem pi\u0142ka nie wpad\u0142a. <\/strong><\/p>\n<p style=\"text-align: justify;\">Bezbramkowy remis z pewno\u015bci\u0105 bardziej zadowoli\u0142 przyjezdnych, kt\u00f3rzy przed tym meczem plasowali si\u0119 w tabeli o dwie pozycje ni\u017cej ni\u017c gi\u017cycczanie. Samo starcie z pewno\u015bci\u0105 niezbyt d\u0142ugo b\u0119dzie wspominane przez kibic\u00f3w, albowiem przez ponad 90 minut na boisku nie wydarzy\u0142o si\u0119 nic spektakularnego (je\u015bli nie liczy\u0107 strza\u0142u Damiana Mazurowskiego w s\u0142upek z odleg\u0142o\u015bci 1 metra w czasie doliczonym do pierwszej po\u0142owy). Gra z obu stron by\u0142a nerwowa, akcje szarpane, dru\u017cyny mia\u0142y problem z wymienieniem trzech celnych poda\u0144 podczas jednej akcji, a kibice gospodarzy o\u017cywiali si\u0119 wy\u0142\u0105cznie w\u00f3wczas, gdy na muraw\u0119 pada\u0142 faulowany kt\u00f3ry\u015b z pi\u0142karzy &#8222;Gieksy&#8221; (co do rzadko\u015bci nie nale\u017ca\u0142o &#8211; patrz foto).<\/p>\n<p style=\"text-align: justify;\"><img loading=\"lazy\" decoding=\"async\" class=\"alignnone size-full wp-image-1317\" src=\"https:\/\/mosir.gizycko.pl\/wp-content\/uploads\/2016\/05\/DSC02998.jpg\" alt=\"DSC02998\" width=\"640\" height=\"480\" srcset=\"https:\/\/mosir.gizycko.pl\/wp-content\/uploads\/2016\/05\/DSC02998.jpg 640w, https:\/\/mosir.gizycko.pl\/wp-content\/uploads\/2016\/05\/DSC02998-300x225.jpg 300w, https:\/\/mosir.gizycko.pl\/wp-content\/uploads\/2016\/05\/DSC02998-259x194.jpg 259w\" sizes=\"auto, (max-width: 640px) 100vw, 640px\" \/><\/p>\n<p style=\"text-align: justify;\"><img loading=\"lazy\" decoding=\"async\" class=\"alignnone size-full wp-image-1319\" src=\"https:\/\/mosir.gizycko.pl\/wp-content\/uploads\/2016\/05\/DSC03004.jpg\" alt=\"DSC03004\" width=\"640\" height=\"480\" srcset=\"https:\/\/mosir.gizycko.pl\/wp-content\/uploads\/2016\/05\/DSC03004.jpg 640w, https:\/\/mosir.gizycko.pl\/wp-content\/uploads\/2016\/05\/DSC03004-300x225.jpg 300w, https:\/\/mosir.gizycko.pl\/wp-content\/uploads\/2016\/05\/DSC03004-259x194.jpg 259w\" sizes=\"auto, (max-width: 640px) 100vw, 640px\" \/><\/p>\n<p style=\"text-align: justify;\"><img loading=\"lazy\" decoding=\"async\" class=\"alignnone size-full wp-image-1318\" src=\"https:\/\/mosir.gizycko.pl\/wp-content\/uploads\/2016\/05\/DSC03001.jpg\" alt=\"DSC03001\" width=\"640\" height=\"480\" srcset=\"https:\/\/mosir.gizycko.pl\/wp-content\/uploads\/2016\/05\/DSC03001.jpg 640w, https:\/\/mosir.gizycko.pl\/wp-content\/uploads\/2016\/05\/DSC03001-300x225.jpg 300w, https:\/\/mosir.gizycko.pl\/wp-content\/uploads\/2016\/05\/DSC03001-259x194.jpg 259w\" sizes=\"auto, (max-width: 640px) 100vw, 640px\" \/><\/p>\n<p style=\"text-align: justify;\">Optyczn\u0105 przewag\u0119 w tym spotkaniu posiadali gospodarze i pewnie gdyby to by\u0142 boks, to ich r\u0119ce arbitrzy unie\u015bliby po ko\u0144cowym gongu. Niestety, w futbolu licz\u0105 si\u0119 gole, a tym elemencie zesp\u00f3\u0142 z Pas\u0142\u0119ka s\u0142abszy od gi\u017cycczan nie by\u0142.<\/p>\n<p style=\"text-align: justify;\">Strata dw\u00f3ch punkt\u00f3w &#8211; bo tak nale\u017cy odbiera\u0107 wynik sobotniego meczu &#8211; kosztowa\u0142a Mamry spadek na 7. pozycj\u0119 w tabeli. W najbli\u017csz\u0105 sobot\u0119 (7 maja) podopieczni trenera Mariusza Niedzi\u00f3\u0142ki podejm\u0105 6. w stawce B\u0142\u0119kitnych Orneta, do kt\u00f3rych trac\u0105 obecnie tylko 1 punkt. Pierwszy gwizdek o godz. 16.00.<\/p>\n<p style=\"text-align: right;\"><strong>bz<\/strong><\/p>\n","protected":false},"excerpt":{"rendered":"<p>Kibice, kt\u00f3rzy w sobotnie popo\u0142udnie przybyli na stadion MOSiR w Gi\u017cycku, by obejrze\u0107 w akcji czwartoligowych pi\u0142karzy Mamr i Polonii Pas\u0142\u0119k, zobaczyli dwie bramki. Niestety, do \u017cadnej z tych bramek tym razem pi\u0142ka nie wpad\u0142a. Bezbramkowy remis z pewno\u015bci\u0105 bardziej zadowoli\u0142 przyjezdnych, kt\u00f3rzy przed tym [&hellip;]<\/p>\n","protected":false},"author":2,"featured_media":1320,"comment_status":"closed","ping_status":"closed","sticky":false,"template":"","format":"standard","meta":{"footnotes":""},"categories":[34],"tags":[],"class_list":["post-1316","post","type-post","status-publish","format-standard","has-post-thumbnail","hentry","category-pilka-nozna"],"_links":{"self":[{"href":"https:\/\/mosir.gizycko.pl\/index.php?rest_route=\/wp\/v2\/posts\/1316","targetHints":{"allow":["GET"]}}],"collection":[{"href":"https:\/\/mosir.gizycko.pl\/index.php?rest_route=\/wp\/v2\/posts"}],"about":[{"href":"https:\/\/mosir.gizycko.pl\/index.php?rest_route=\/wp\/v2\/types\/post"}],"author":[{"embeddable":true,"href":"https:\/\/mosir.gizycko.pl\/index.php?rest_route=\/wp\/v2\/users\/2"}],"replies":[{"embeddable":true,"href":"https:\/\/mosir.gizycko.pl\/index.php?rest_route=%2Fwp%2Fv2%2Fcomments&post=1316"}],"version-history":[{"count":2,"href":"https:\/\/mosir.gizycko.pl\/index.php?rest_route=\/wp\/v2\/posts\/1316\/revisions"}],"predecessor-version":[{"id":1322,"href":"https:\/\/mosir.gizycko.pl\/index.php?rest_route=\/wp\/v2\/posts\/1316\/revisions\/1322"}],"wp:featuredmedia":[{"embeddable":true,"href":"https:\/\/mosir.gizycko.pl\/index.php?rest_route=\/wp\/v2\/media\/1320"}],"wp:attachment":[{"href":"https:\/\/mosir.gizycko.pl\/index.php?rest_route=%2Fwp%2Fv2%2Fmedia&parent=1316"}],"wp:term":[{"taxonomy":"category","embeddable":true,"href":"https:\/\/mosir.gizycko.pl\/index.php?rest_route=%2Fwp%2Fv2%2Fcategories&post=1316"},{"taxonomy":"post_tag","embeddable":true,"href":"https:\/\/mosir.gizycko.pl\/index.php?rest_route=%2Fwp%2Fv2%2Ftags&post=1316"}],"curies":[{"name":"wp","href":"https:\/\/api.w.org\/{rel}","templated":true}]}}