{"id":1343,"date":"2016-05-04T22:06:03","date_gmt":"2016-05-04T22:06:03","guid":{"rendered":"http:\/\/mosir.gizycko.pl\/?p=1343"},"modified":"2016-05-04T22:06:03","modified_gmt":"2016-05-04T22:06:03","slug":"trampkarze-ida-jak-burza","status":"publish","type":"post","link":"https:\/\/mosir.gizycko.pl\/?p=1343","title":{"rendered":"TRAMPKARZE ID\u0104 JAK BURZA"},"content":{"rendered":"<p style=\"text-align: justify;\"><strong>Gdyby zapyta\u0107 trampkarzy Mamr Gi\u017cycko, ile trwa mecz pi\u0142ki no\u017cnej, z pewno\u015bci\u0105 odpowied\u017a brzmia\u0142aby: &#8222;do ostatniego gwizdka&#8221;. W minion\u0105\u00a0 sobot\u0119 gi\u017cycczanie przypomnieli o tym liderowi klasy okr\u0119gowej MKS E\u0142k, wygrywaj\u0105c z nim po golu w doliczonym czasie gry.<\/strong><\/p>\n<p style=\"text-align: justify;\">To by\u0142o arcywa\u017cne spotkanie dla podopiecznych trenera Szymona Jab\u0142o\u0144skiego, kt\u00f3rzy mecz w E\u0142ku musieli wygra\u0107 (a przynajmniej zremisowa\u0107), by nie straci\u0107 dystansu do niepokonanych w lidze rywali. Odpowiednio zmotywowani do gry gi\u017cycczanie wyszli na prowadzenie w 33. minucie, kiedy to po zagraniu kapitana dru\u017cyny Dawida Dowgia\u0142\u0142y futbol\u00f3wk\u0119 w siatce gospodarzy umie\u015bci\u0142 Dominik Jarosz. Wynik 1:0 dla Mamr utrzyma\u0142 si\u0119 do przerwy. W drugiej ods\u0142onie podra\u017cniony lider rzuci\u0142 si\u0119 do odrabiania strat i, faktycznie, szybko je odrobi\u0142, ale ostatnie s\u0142owo &#8211; dos\u0142ownie &#8211; nale\u017ca\u0142o do trampkarzy znad Niegocina. Po up\u0142ywie regulaminowego czasu gry pi\u0142ka w polu karnym MKS trafi\u0142a do Micha\u0142a Ro\u017cenki, a ten pos\u0142a\u0142 j\u0105 tam, gdzie powinien i pierwsza w tym sezonie pora\u017cka e\u0142czan sta\u0142a si\u0119 faktem.<\/p>\n<p style=\"text-align: justify;\"><img loading=\"lazy\" decoding=\"async\" class=\"alignnone wp-image-1346\" src=\"https:\/\/mosir.gizycko.pl\/wp-content\/uploads\/2016\/05\/tramp-2.jpg\" alt=\"tramp 2\" width=\"640\" height=\"462\" srcset=\"https:\/\/mosir.gizycko.pl\/wp-content\/uploads\/2016\/05\/tramp-2.jpg 642w, https:\/\/mosir.gizycko.pl\/wp-content\/uploads\/2016\/05\/tramp-2-300x216.jpg 300w\" sizes=\"auto, (max-width: 640px) 100vw, 640px\" \/><\/p>\n<p style=\"text-align: justify;\">&#8211; Twierdza E\u0142k zdobyta &#8211; m\u00f3wi z dum\u0105 trener Szymon Jab\u0142o\u0144ski. &#8211; Wierzy\u0142em w ch\u0142opc\u00f3w, cho\u0107 widzia\u0142em, \u017ce s\u0105 zestresowani. Mogli\u015bmy wcze\u015bniej strzeli\u0107 zwyci\u0119sk\u0105 bramk\u0119, ale nie wykorzystali\u015bmy kilku dogodnych sytuacji. Jestem zadowolony zw\u0142aszcza z postawy obro\u0144c\u00f3w, kt\u00f3ry nie dali si\u0119 rozwin\u0105\u0107 bardzo skutecznym napastnikom z E\u0142ku.<\/p>\n<p style=\"text-align: justify;\"><img loading=\"lazy\" decoding=\"async\" class=\"alignnone wp-image-1347\" src=\"https:\/\/mosir.gizycko.pl\/wp-content\/uploads\/2016\/05\/tramp.jpg\" alt=\"tramp\" width=\"640\" height=\"510\" srcset=\"https:\/\/mosir.gizycko.pl\/wp-content\/uploads\/2016\/05\/tramp.jpg 583w, https:\/\/mosir.gizycko.pl\/wp-content\/uploads\/2016\/05\/tramp-300x239.jpg 300w\" sizes=\"auto, (max-width: 640px) 100vw, 640px\" \/><\/p>\n<p style=\"text-align: justify;\">To by\u0142o trzecie z rz\u0119du wiosenne zwyci\u0119stwo Mamr, kt\u00f3re nadal zajmuj\u0105 trzeci\u0105 pozycj\u0119 w tabeli, ale maj\u0105 ju\u017c tylko 1 punkt straty do Znicza Bia\u0142a Piska i 4 &#8222;oczka&#8221; do MKS. Rywale rozegrali jednak o jeden mecz wi\u0119cej ni\u017c nasi pi\u0142karze. W najbli\u017csz\u0105 niedziel\u0119 gi\u017cyccy trampkarze stan\u0105 przed szans\u0105 przed\u0142u\u017cenia zwyci\u0119skiej serii. Ich rywalem b\u0119dzie bowiem dziewi\u0105ta w stawce \u0141yna S\u0119popol. Jesieni\u0105 na wyje\u017adzie gospodarze ulegli naszym pi\u0142karzom a\u017c 1:11. Pocz\u0105tek niedzielnego meczu o godz. 11.00. Wst\u0119p wolny.<\/p>\n<p style=\"text-align: right;\"><strong>bz<\/strong><\/p>\n","protected":false},"excerpt":{"rendered":"<p>Gdyby zapyta\u0107 trampkarzy Mamr Gi\u017cycko, ile trwa mecz pi\u0142ki no\u017cnej, z pewno\u015bci\u0105 odpowied\u017a brzmia\u0142aby: &#8222;do ostatniego gwizdka&#8221;. W minion\u0105\u00a0 sobot\u0119 gi\u017cycczanie przypomnieli o tym liderowi klasy okr\u0119gowej MKS E\u0142k, wygrywaj\u0105c z nim po golu w doliczonym czasie gry. To by\u0142o arcywa\u017cne spotkanie dla podopiecznych trenera [&hellip;]<\/p>\n","protected":false},"author":2,"featured_media":1344,"comment_status":"closed","ping_status":"closed","sticky":false,"template":"","format":"standard","meta":{"footnotes":""},"categories":[34],"tags":[],"class_list":["post-1343","post","type-post","status-publish","format-standard","has-post-thumbnail","hentry","category-pilka-nozna"],"_links":{"self":[{"href":"https:\/\/mosir.gizycko.pl\/index.php?rest_route=\/wp\/v2\/posts\/1343","targetHints":{"allow":["GET"]}}],"collection":[{"href":"https:\/\/mosir.gizycko.pl\/index.php?rest_route=\/wp\/v2\/posts"}],"about":[{"href":"https:\/\/mosir.gizycko.pl\/index.php?rest_route=\/wp\/v2\/types\/post"}],"author":[{"embeddable":true,"href":"https:\/\/mosir.gizycko.pl\/index.php?rest_route=\/wp\/v2\/users\/2"}],"replies":[{"embeddable":true,"href":"https:\/\/mosir.gizycko.pl\/index.php?rest_route=%2Fwp%2Fv2%2Fcomments&post=1343"}],"version-history":[{"count":3,"href":"https:\/\/mosir.gizycko.pl\/index.php?rest_route=\/wp\/v2\/posts\/1343\/revisions"}],"predecessor-version":[{"id":1349,"href":"https:\/\/mosir.gizycko.pl\/index.php?rest_route=\/wp\/v2\/posts\/1343\/revisions\/1349"}],"wp:featuredmedia":[{"embeddable":true,"href":"https:\/\/mosir.gizycko.pl\/index.php?rest_route=\/wp\/v2\/media\/1344"}],"wp:attachment":[{"href":"https:\/\/mosir.gizycko.pl\/index.php?rest_route=%2Fwp%2Fv2%2Fmedia&parent=1343"}],"wp:term":[{"taxonomy":"category","embeddable":true,"href":"https:\/\/mosir.gizycko.pl\/index.php?rest_route=%2Fwp%2Fv2%2Fcategories&post=1343"},{"taxonomy":"post_tag","embeddable":true,"href":"https:\/\/mosir.gizycko.pl\/index.php?rest_route=%2Fwp%2Fv2%2Ftags&post=1343"}],"curies":[{"name":"wp","href":"https:\/\/api.w.org\/{rel}","templated":true}]}}