{"id":1357,"date":"2016-05-08T19:44:33","date_gmt":"2016-05-08T19:44:33","guid":{"rendered":"http:\/\/mosir.gizycko.pl\/?p=1357"},"modified":"2016-05-08T19:45:36","modified_gmt":"2016-05-08T19:45:36","slug":"dwanascie-punktow-ucieklo-z-gizycka","status":"publish","type":"post","link":"https:\/\/mosir.gizycko.pl\/?p=1357","title":{"rendered":"DWANA\u015aCIE PUNKT\u00d3W UCIEK\u0141O Z GI\u017bYCKA"},"content":{"rendered":"<p style=\"text-align: justify;\"><strong>Czwartej na w\u0142asnym boisku, a \u00f3smej w sezonie pora\u017cki doznali w sobot\u0119 pi\u0142karze czwartoligowych Mamr. W opinii wielu obserwator\u00f3w mecz z B\u0142\u0119kitnymi Orneta by\u0142 najlepszym wiosennym wyst\u0119pem podopiecznych Mariusza Niedzi\u00f3\u0142ki.<\/strong><\/p>\n<p style=\"text-align: justify;\">C\u00f3\u017c jednak z tego, skoro gospodarze &#8211; a konkretnie Mariusz Machniak (na zdj\u0119ciu poni\u017cej: w obj\u0119ciach uradowanych koleg\u00f3w) &#8211; trafili do siatki tylko raz (przez 90 minut stwarzaj\u0105c jeszcze co najmniej trzy tzw. stuprocentowe sytuacje), a dali sobie wbi\u0107 dwa gole. Przyjezdni ko\u0144czyli mecz w dziewi\u0105tk\u0119, ale nie po raz pierwszy przewaga liczebna na placu gry okaza\u0142a si\u0119 dla ekipy znad Niegocina niewystarczaj\u0105cym handicapem.<\/p>\n<p><img loading=\"lazy\" decoding=\"async\" class=\"alignnone wp-image-1362\" src=\"https:\/\/mosir.gizycko.pl\/wp-content\/uploads\/2016\/05\/DSC03105.jpg\" alt=\"DSC03105\" width=\"640\" height=\"433\" srcset=\"https:\/\/mosir.gizycko.pl\/wp-content\/uploads\/2016\/05\/DSC03105.jpg 651w, https:\/\/mosir.gizycko.pl\/wp-content\/uploads\/2016\/05\/DSC03105-300x203.jpg 300w, https:\/\/mosir.gizycko.pl\/wp-content\/uploads\/2016\/05\/DSC03105-220x150.jpg 220w, https:\/\/mosir.gizycko.pl\/wp-content\/uploads\/2016\/05\/DSC03105-310x210.jpg 310w\" sizes=\"auto, (max-width: 640px) 100vw, 640px\" \/><\/p>\n<p style=\"text-align: justify;\">Mamry utrzyma\u0142y si\u00f3dm\u0105 pozycj\u0119 w tabeli, ale do sz\u00f3stego w stawce sobotniego rywala trac\u0105 ju\u017c nie jedno, a cztery &#8222;oczka&#8221;. Wr\u00f3ble zaczynaj\u0105 \u0107wierka\u0107, \u017ce w tym sezonie do pozostania w czwartej lidze mo\u017ce nie wystarczy\u0107 nawet sz\u00f3ste miejsce w ko\u0144cowym rozrachunku, co nie brzmi optymistycznie w kontek\u015bcie sze\u015bciu kolejnych mecz\u00f3w, czekaj\u0105cych Mamry w ci\u0105gu najbli\u017cszych tygodni. Przypomnijmy, i\u017c gi\u017cycczanom pozosta\u0142y do rozegrania potyczki z (kolejno\u015b\u0107 niezgodna z terminarzem): liderem Stomilem II Olsztyn, wiceliderem Motorem Lubawa, pi\u0105t\u0105 w klasyfikacji Zatok\u0105 Braniewo oraz plasuj\u0105cymi si\u0119 w dolnej cz\u0119\u015bci tabeli: Pis\u0105 Barczewo (13. pozycja), Mr\u0105gowi\u0105 Mr\u0105gowo (8.) i Omulwi\u0105 Wielbark (9.). Omulew i Mr\u0105gowia to rywale &#8222;Gieksy&#8221; w najbli\u017cszych dw\u00f3ch weekendach &#8211; oba zespo\u0142y trac\u0105 do Mamr zaledwie po 3 punkty, a na kolejnych pozycjach ze strat\u0105 zaledwie 4 &#8222;oczek&#8221; znajduj\u0105 si\u0119: Warmiak \u0141ukta, Polonia Pas\u0142\u0119k i \u015aniardwy Orzysz. Walka o utrzymanie w gronie czwartoligowc\u00f3w rozpoczyna si\u0119 wi\u0119c na dobre, a limit b\u0142\u0119d\u00f3w jest bardzo niewielki (by nie powiedzie\u0107: \u017caden).<\/p>\n<p style=\"text-align: justify;\">W decyduj\u0105cych meczach Mamry b\u0119d\u0105 musia\u0142y radzi\u0107 sobie bez walecznego Mariusza Rutkowskiego, kt\u00f3ry w sobot\u0119 dozna\u0142 skr\u0119cenia stawu skokowego. Wracaj szybko, &#8222;Mario&#8221;!<\/p>\n<p><img loading=\"lazy\" decoding=\"async\" class=\"alignnone size-full wp-image-1358\" src=\"https:\/\/mosir.gizycko.pl\/wp-content\/uploads\/2016\/05\/DSC03120.jpg\" alt=\"DSC03120\" width=\"640\" height=\"480\" srcset=\"https:\/\/mosir.gizycko.pl\/wp-content\/uploads\/2016\/05\/DSC03120.jpg 640w, https:\/\/mosir.gizycko.pl\/wp-content\/uploads\/2016\/05\/DSC03120-300x225.jpg 300w, https:\/\/mosir.gizycko.pl\/wp-content\/uploads\/2016\/05\/DSC03120-259x194.jpg 259w\" sizes=\"auto, (max-width: 640px) 100vw, 640px\" \/><\/p>\n<p><img loading=\"lazy\" decoding=\"async\" class=\"alignnone wp-image-1361\" src=\"https:\/\/mosir.gizycko.pl\/wp-content\/uploads\/2016\/05\/DSC03124.jpg\" alt=\"DSC03124\" width=\"640\" height=\"514\" srcset=\"https:\/\/mosir.gizycko.pl\/wp-content\/uploads\/2016\/05\/DSC03124.jpg 539w, https:\/\/mosir.gizycko.pl\/wp-content\/uploads\/2016\/05\/DSC03124-300x241.jpg 300w\" sizes=\"auto, (max-width: 640px) 100vw, 640px\" \/><\/p>\n<p style=\"text-align: right;\"><strong>bz<\/strong><\/p>\n","protected":false},"excerpt":{"rendered":"<p>Czwartej na w\u0142asnym boisku, a \u00f3smej w sezonie pora\u017cki doznali w sobot\u0119 pi\u0142karze czwartoligowych Mamr. W opinii wielu obserwator\u00f3w mecz z B\u0142\u0119kitnymi Orneta by\u0142 najlepszym wiosennym wyst\u0119pem podopiecznych Mariusza Niedzi\u00f3\u0142ki. C\u00f3\u017c jednak z tego, skoro gospodarze &#8211; a konkretnie Mariusz Machniak (na zdj\u0119ciu poni\u017cej: w [&hellip;]<\/p>\n","protected":false},"author":2,"featured_media":1359,"comment_status":"closed","ping_status":"closed","sticky":false,"template":"","format":"standard","meta":{"footnotes":""},"categories":[34],"tags":[],"class_list":["post-1357","post","type-post","status-publish","format-standard","has-post-thumbnail","hentry","category-pilka-nozna"],"_links":{"self":[{"href":"https:\/\/mosir.gizycko.pl\/index.php?rest_route=\/wp\/v2\/posts\/1357","targetHints":{"allow":["GET"]}}],"collection":[{"href":"https:\/\/mosir.gizycko.pl\/index.php?rest_route=\/wp\/v2\/posts"}],"about":[{"href":"https:\/\/mosir.gizycko.pl\/index.php?rest_route=\/wp\/v2\/types\/post"}],"author":[{"embeddable":true,"href":"https:\/\/mosir.gizycko.pl\/index.php?rest_route=\/wp\/v2\/users\/2"}],"replies":[{"embeddable":true,"href":"https:\/\/mosir.gizycko.pl\/index.php?rest_route=%2Fwp%2Fv2%2Fcomments&post=1357"}],"version-history":[{"count":3,"href":"https:\/\/mosir.gizycko.pl\/index.php?rest_route=\/wp\/v2\/posts\/1357\/revisions"}],"predecessor-version":[{"id":1364,"href":"https:\/\/mosir.gizycko.pl\/index.php?rest_route=\/wp\/v2\/posts\/1357\/revisions\/1364"}],"wp:featuredmedia":[{"embeddable":true,"href":"https:\/\/mosir.gizycko.pl\/index.php?rest_route=\/wp\/v2\/media\/1359"}],"wp:attachment":[{"href":"https:\/\/mosir.gizycko.pl\/index.php?rest_route=%2Fwp%2Fv2%2Fmedia&parent=1357"}],"wp:term":[{"taxonomy":"category","embeddable":true,"href":"https:\/\/mosir.gizycko.pl\/index.php?rest_route=%2Fwp%2Fv2%2Fcategories&post=1357"},{"taxonomy":"post_tag","embeddable":true,"href":"https:\/\/mosir.gizycko.pl\/index.php?rest_route=%2Fwp%2Fv2%2Ftags&post=1357"}],"curies":[{"name":"wp","href":"https:\/\/api.w.org\/{rel}","templated":true}]}}