{"id":1386,"date":"2016-05-11T22:03:14","date_gmt":"2016-05-11T22:03:14","guid":{"rendered":"http:\/\/mosir.gizycko.pl\/?p=1386"},"modified":"2016-05-11T22:03:14","modified_gmt":"2016-05-11T22:03:14","slug":"lyna-poplynela-mamry-bez-litosci","status":"publish","type":"post","link":"https:\/\/mosir.gizycko.pl\/?p=1386","title":{"rendered":"\u0141YNA &#8222;POP\u0141YN\u0118\u0141A&#8221;, MAMRY BEZ LITO\u015aCI"},"content":{"rendered":"<p style=\"text-align: justify;\"><strong>Zgodnie z przewidywaniami \u0141yna S\u0119popol nie mia\u0142a nic do powiedzenia w starciu z Mamrami Gi\u017cycko. Mowa, oczywi\u015bcie, o lidze okr\u0119gowej trampkarzy, w kt\u00f3rej zesp\u00f3\u0142 znad Niegocina kontynuuje zwyci\u0119ski marsz.<\/strong><\/p>\n<p style=\"text-align: justify;\"><img loading=\"lazy\" decoding=\"async\" class=\"alignnone wp-image-1390\" src=\"https:\/\/mosir.gizycko.pl\/wp-content\/uploads\/2016\/05\/mam1.jpg\" alt=\"mam1\" width=\"640\" height=\"426\" srcset=\"https:\/\/mosir.gizycko.pl\/wp-content\/uploads\/2016\/05\/mam1.jpg 800w, https:\/\/mosir.gizycko.pl\/wp-content\/uploads\/2016\/05\/mam1-300x200.jpg 300w, https:\/\/mosir.gizycko.pl\/wp-content\/uploads\/2016\/05\/mam1-768x512.jpg 768w, https:\/\/mosir.gizycko.pl\/wp-content\/uploads\/2016\/05\/mam1-315x210.jpg 315w\" sizes=\"auto, (max-width: 640px) 100vw, 640px\" \/><\/p>\n<p style=\"text-align: justify;\">Mamry zn\u00f3w by\u0142y bezlitosne dla rywali. Wygrana 8:1 to ju\u017c czwarty z rz\u0119du wiosenny sukces podopiecznych Szymona Jab\u0142o\u0144skiego, kt\u00f3rzy wr\u00f3cili na pozycj\u0119 wicelidera. Bohaterem starcia z \u0141yn\u0105 by\u0142 Dominik Jarosz, kt\u00f3ry a\u017c pi\u0119ciokrotnie ulokowa\u0142 pi\u0142k\u0119 w siatce przeciwnika. Dwa trafienia do\u0142o\u017cy\u0142 Dominik Dowgia\u0142\u0142o, a jedno Micha\u0142 Ro\u017cenko.<\/p>\n<p style=\"text-align: justify;\">&#8211; Przeciwnik nie by\u0142 wymagaj\u0105cy, a nam w\u0142a\u015bnie brakuje mecz\u00f3w &#8222;na styku&#8221; i z emocjami &#8211; powiedzia\u0142 po ko\u0144cowym gwizdku szkoleniowiec Mamr Szymon Jab\u0142o\u0144ski. &#8211; Nie wykorzystali\u015bmy\u00a0 wielu \u015bwietnych sytuacji, ale generalnie jestem zadowolony z ch\u0142opak\u00f3w.<\/p>\n<p style=\"text-align: justify;\"><img loading=\"lazy\" decoding=\"async\" class=\"alignnone wp-image-1389\" src=\"https:\/\/mosir.gizycko.pl\/wp-content\/uploads\/2016\/05\/mam3.jpg\" alt=\"mam3\" width=\"640\" height=\"426\" srcset=\"https:\/\/mosir.gizycko.pl\/wp-content\/uploads\/2016\/05\/mam3.jpg 800w, https:\/\/mosir.gizycko.pl\/wp-content\/uploads\/2016\/05\/mam3-300x200.jpg 300w, https:\/\/mosir.gizycko.pl\/wp-content\/uploads\/2016\/05\/mam3-768x512.jpg 768w, https:\/\/mosir.gizycko.pl\/wp-content\/uploads\/2016\/05\/mam3-315x210.jpg 315w\" sizes=\"auto, (max-width: 640px) 100vw, 640px\" \/><\/p>\n<p style=\"text-align: justify;\">Do prowadz\u0105cego w tabeli MKS E\u0142k gi\u017cycczanie trac\u0105 4 punkty, ale maj\u0105 o jeden mecz rozegrany mniej (do ko\u0144ca zosta\u0142o 6 kolejek). W najbli\u017csz\u0105 sobot\u0119 (14 maja) trampkarze Mamr zagraj\u0105 na wyje\u017adzie ze \u015aniardwami Orzysz (5. miejsce, 14 punkt\u00f3w straty do dru\u017cyny znad Niegocina).<\/p>\n<p style=\"text-align: right;\"><strong>bz<\/strong><\/p>\n","protected":false},"excerpt":{"rendered":"<p>Zgodnie z przewidywaniami \u0141yna S\u0119popol nie mia\u0142a nic do powiedzenia w starciu z Mamrami Gi\u017cycko. Mowa, oczywi\u015bcie, o lidze okr\u0119gowej trampkarzy, w kt\u00f3rej zesp\u00f3\u0142 znad Niegocina kontynuuje zwyci\u0119ski marsz. Mamry zn\u00f3w by\u0142y bezlitosne dla rywali. Wygrana 8:1 to ju\u017c czwarty z rz\u0119du wiosenny sukces podopiecznych [&hellip;]<\/p>\n","protected":false},"author":2,"featured_media":1387,"comment_status":"closed","ping_status":"closed","sticky":false,"template":"","format":"standard","meta":{"footnotes":""},"categories":[34],"tags":[],"class_list":["post-1386","post","type-post","status-publish","format-standard","has-post-thumbnail","hentry","category-pilka-nozna"],"_links":{"self":[{"href":"https:\/\/mosir.gizycko.pl\/index.php?rest_route=\/wp\/v2\/posts\/1386","targetHints":{"allow":["GET"]}}],"collection":[{"href":"https:\/\/mosir.gizycko.pl\/index.php?rest_route=\/wp\/v2\/posts"}],"about":[{"href":"https:\/\/mosir.gizycko.pl\/index.php?rest_route=\/wp\/v2\/types\/post"}],"author":[{"embeddable":true,"href":"https:\/\/mosir.gizycko.pl\/index.php?rest_route=\/wp\/v2\/users\/2"}],"replies":[{"embeddable":true,"href":"https:\/\/mosir.gizycko.pl\/index.php?rest_route=%2Fwp%2Fv2%2Fcomments&post=1386"}],"version-history":[{"count":2,"href":"https:\/\/mosir.gizycko.pl\/index.php?rest_route=\/wp\/v2\/posts\/1386\/revisions"}],"predecessor-version":[{"id":1391,"href":"https:\/\/mosir.gizycko.pl\/index.php?rest_route=\/wp\/v2\/posts\/1386\/revisions\/1391"}],"wp:featuredmedia":[{"embeddable":true,"href":"https:\/\/mosir.gizycko.pl\/index.php?rest_route=\/wp\/v2\/media\/1387"}],"wp:attachment":[{"href":"https:\/\/mosir.gizycko.pl\/index.php?rest_route=%2Fwp%2Fv2%2Fmedia&parent=1386"}],"wp:term":[{"taxonomy":"category","embeddable":true,"href":"https:\/\/mosir.gizycko.pl\/index.php?rest_route=%2Fwp%2Fv2%2Fcategories&post=1386"},{"taxonomy":"post_tag","embeddable":true,"href":"https:\/\/mosir.gizycko.pl\/index.php?rest_route=%2Fwp%2Fv2%2Ftags&post=1386"}],"curies":[{"name":"wp","href":"https:\/\/api.w.org\/{rel}","templated":true}]}}