{"id":1725,"date":"2016-09-05T21:45:36","date_gmt":"2016-09-05T21:45:36","guid":{"rendered":"http:\/\/mosir.gizycko.pl\/?p=1725"},"modified":"2016-10-24T19:27:46","modified_gmt":"2016-10-24T19:27:46","slug":"lider-zgubil-dwa-oczka","status":"publish","type":"post","link":"https:\/\/mosir.gizycko.pl\/?p=1725","title":{"rendered":"LIDER ZGUBI\u0141 DWA &#8222;OCZKA&#8221;"},"content":{"rendered":"<p><strong>Zespo\u0142y walcz\u0105ce o mistrzostwo Gi\u017cycka pi\u0142karskich sz\u00f3stek rozpocz\u0119\u0142y futbolowe triduum, czyli trzydniowe zmagania w tym tygodniu. W poniedzia\u0142kowej 14. kolejce pierwsze punkty w rozgrywkach (nie licz\u0105c remisu z wykluczonymi wcze\u015bniej B\u0142\u0119kitnymi) straci\u0142a niezwyci\u0119\u017cona \u017baglownia Pana\u015b. Potkni\u0119cie lidera wykorzysta\u0142y \u015bcigaj\u0105ce go w tabeli ekipy Agrolidera i Blaugrany. W czo\u0142\u00f3wce zrobi\u0142o si\u0119 jeszcze cia\u015bniej, czyli ciekawiej.<\/strong><\/p>\n<p>Zwyci\u0119ski marsz \u017baglowni Pana\u015b przerwali Zieloni, kt\u00f3rzy w dotychczasowych spotkaniach zgromadzili o ponad po\u0142ow\u0119 punkt\u00f3w mniej ni\u017c lider tegorocznych zmaga\u0144 na &#8222;Orliku&#8221;. Remis ucieszy\u0142 nie tylko &#8222;Wojskowych&#8221;, ale i dw\u00f3ch najgro\u017aniejszych rywali \u017baglowni. Agrolider i Blaugrana wygra\u0142y swoje mecze z bardzo niewygodnymi przeciwnikami (odpowiednio z Grafem i Centerpaszem), zmniejszaj\u0105c strat\u0119 do prowadz\u0105cego teamu i sprawiaj\u0105c tym samym, \u017ce rozgrywki stan\u0105 si\u0119 jeszcze bardziej emocjonuj\u0105ce. Wielka szkoda, \u017ce po raz wt\u00f3ry zosta\u0142 prze\u0142o\u017cony szlagier pomi\u0119dzy \u017baglowni\u0105 i Blaugran\u0105. Tym razem o zmian\u0119 terminu spotkania, zaplanowanego na wtorek (6 wrze\u015bnia), zabiegali pi\u0142karze lidera, t\u0142umacz\u0105c si\u0119 absencj\u0105 kilku zawodnik\u00f3w. Co ciekawe &#8211; \u017baglownia mia\u0142a rozegra\u0107 tego dnia dwa zaleg\u0142e mecze. Ten drugi &#8211; z zamykaj\u0105cym stawk\u0119 Internatem ZSK\u015aiA &#8211; nie zosta\u0142 prze\u0142o\u017cony&#8230;<\/p>\n<p>&nbsp;<\/p>\n<p style=\"text-align: center;\"><strong>WYNIKI 14. KOLEJKI<\/strong><\/p>\n<p style=\"text-align: center;\"><strong>INTERNAT ZSK\u015aiA &#8211; DRINK TEAM 3:3<\/strong><\/p>\n<p>Bramki dla Internatu ZSK\u015aiA: Mateusz Ma\u0107kowiak &#8211; 2 i Adam Segin; dla Drink Teamu: Jacek Cemka i Tomasz Wi\u015bniewski.<\/p>\n<p style=\"text-align: center;\"><strong>HOTEL SANTA MONICA &#8211; MAGISTRY 5:1<\/strong><\/p>\n<p>Bramki dla Hotelu Santa Monica: Bart\u0142omiej Kordek &#8211; 2, Arkadiusz Jab\u0142o\u0144ski, Piotr Tomkowski i Kacper Serowik; dla Magistr\u00f3w: Daniel Olszewski.<\/p>\n<p style=\"text-align: center;\"><strong>AMATORS POZEZDRZE &#8211; START DOBA 2:4<\/strong><\/p>\n<p>Bramki dla Amators Pozezdrze: Robert Wasiak i Leszek \u017byndul; dla Startu Doba: Krzysztof Sadocha, Arkadiusz Dobosz, Patryk Pietkiewicz i Grzegorz Tunkiewicz.<\/p>\n<p style=\"text-align: center;\"><strong>AGROLIDER &#8211; GRAF 3:1<\/strong><\/p>\n<p>Bramki dla Agrolidera: Witold Lachowicz &#8211; 2 i Pawe\u0142 Grablewski; dla Grafa: Arkadiusz Gwiazdowski.<\/p>\n<p style=\"text-align: center;\"><strong>\u017bAGLOWNIA PANA\u015a &#8211; ZIELONI 3:3<\/strong><\/p>\n<p>Bramki dla \u017baglowni Pana\u015b: Piotr Reczek &#8211; 2 i Mariusz Prokurat; dla Zielonych: Piotr Rzeszutek, Mateusz Rzeszutek i Mariusz Rybicki.<\/p>\n<p style=\"text-align: center;\"><strong>CENTERPASZ &#8211; BLAUGRANA 0:5<\/strong><\/p>\n<p>Bramki: Maciej Kudyk &#8211; 2, Kamil Kalinowski, Pawe\u0142 Joka i Mateusz D\u0119bek.<\/p>\n<p>&nbsp;<\/p>\n<p style=\"text-align: center;\"><strong>TABELA<\/strong><\/p>\n<p>[table id=26 \/]<\/p>\n<p>&nbsp;<\/p>\n<p style=\"text-align: center;\"><strong>STRZELCY<\/strong><\/p>\n<p>1. Maciej Kudyk (Blaugrana) &#8211; 20<\/p>\n<p>2. Grzegorz Ostrowski (\u017baglownia Pana\u015b), Witold Lachowicz (Agrolider) &#8211; po 17<\/p>\n<p>3. Piotr Pawlik (Graf) &#8211; 16<\/p>\n<p>4. Kamil Wojciechowski (Agrolider) &#8211; 15<\/p>\n<p>5. Pawe\u0142 Joka (Blaugrana) &#8211; 11<\/p>\n<p>6. Krzysztof Sadocha (Start Doba) &#8211; 10<\/p>\n<p>&nbsp;<\/p>\n","protected":false},"excerpt":{"rendered":"<p>Zespo\u0142y walcz\u0105ce o mistrzostwo Gi\u017cycka pi\u0142karskich sz\u00f3stek rozpocz\u0119\u0142y futbolowe triduum, czyli trzydniowe zmagania w tym tygodniu. W poniedzia\u0142kowej 14. kolejce pierwsze punkty w rozgrywkach (nie licz\u0105c remisu z wykluczonymi wcze\u015bniej B\u0142\u0119kitnymi) straci\u0142a niezwyci\u0119\u017cona \u017baglownia Pana\u015b. Potkni\u0119cie lidera wykorzysta\u0142y \u015bcigaj\u0105ce go w tabeli ekipy Agrolidera i [&hellip;]<\/p>\n","protected":false},"author":2,"featured_media":1729,"comment_status":"closed","ping_status":"closed","sticky":false,"template":"","format":"standard","meta":{"footnotes":""},"categories":[68,1],"tags":[],"class_list":["post-1725","post","type-post","status-publish","format-standard","has-post-thumbnail","hentry","category-liga-orlikowa","category-uncategorized"],"_links":{"self":[{"href":"https:\/\/mosir.gizycko.pl\/index.php?rest_route=\/wp\/v2\/posts\/1725","targetHints":{"allow":["GET"]}}],"collection":[{"href":"https:\/\/mosir.gizycko.pl\/index.php?rest_route=\/wp\/v2\/posts"}],"about":[{"href":"https:\/\/mosir.gizycko.pl\/index.php?rest_route=\/wp\/v2\/types\/post"}],"author":[{"embeddable":true,"href":"https:\/\/mosir.gizycko.pl\/index.php?rest_route=\/wp\/v2\/users\/2"}],"replies":[{"embeddable":true,"href":"https:\/\/mosir.gizycko.pl\/index.php?rest_route=%2Fwp%2Fv2%2Fcomments&post=1725"}],"version-history":[{"count":1,"href":"https:\/\/mosir.gizycko.pl\/index.php?rest_route=\/wp\/v2\/posts\/1725\/revisions"}],"predecessor-version":[{"id":1728,"href":"https:\/\/mosir.gizycko.pl\/index.php?rest_route=\/wp\/v2\/posts\/1725\/revisions\/1728"}],"wp:featuredmedia":[{"embeddable":true,"href":"https:\/\/mosir.gizycko.pl\/index.php?rest_route=\/wp\/v2\/media\/1729"}],"wp:attachment":[{"href":"https:\/\/mosir.gizycko.pl\/index.php?rest_route=%2Fwp%2Fv2%2Fmedia&parent=1725"}],"wp:term":[{"taxonomy":"category","embeddable":true,"href":"https:\/\/mosir.gizycko.pl\/index.php?rest_route=%2Fwp%2Fv2%2Fcategories&post=1725"},{"taxonomy":"post_tag","embeddable":true,"href":"https:\/\/mosir.gizycko.pl\/index.php?rest_route=%2Fwp%2Fv2%2Ftags&post=1725"}],"curies":[{"name":"wp","href":"https:\/\/api.w.org\/{rel}","templated":true}]}}