{"id":1735,"date":"2016-09-10T19:24:36","date_gmt":"2016-09-10T19:24:36","guid":{"rendered":"http:\/\/mosir.gizycko.pl\/?p=1735"},"modified":"2016-10-24T19:27:46","modified_gmt":"2016-10-24T19:27:46","slug":"agrolider-pokonal-lidera","status":"publish","type":"post","link":"https:\/\/mosir.gizycko.pl\/?p=1735","title":{"rendered":"AGROLIDER POKONA\u0141 LIDERA"},"content":{"rendered":"<p><strong>W 15. kolejce amatorskiej ligi pi\u0142karskiej na &#8222;Orliku&#8221; pad\u0142o 38 goli. Ogromna w tym zas\u0142uga pi\u0142karzy Startu Doba i Blaugrany, kt\u00f3rzy a\u017c 23 razy pokonali bramkarzy rywali. W klasyfikacji snajperom rywalom ucieka Maciek Kudyk. W \u015brod\u0119 popularny &#8222;Kujo&#8221; o\u015bmiokrotnie &#8222;przedstawi\u0142 si\u0119&#8221; defensorom i bramkarzowi Internatu ZSK\u015aiA i na siedem kolejek przed ko\u0144cem ma ju\u017c dziewi\u0119\u0107 goli przewagi nad drugim w punktacji Piotrem Pawlikiem..<\/strong><\/p>\n<p>Strzelecki wyczyn 33-latka z Blaugrany zszed\u0142 jednak na dalszy plan, albowiem wydarzeniem 15, kolejki by\u0142 mecz na szczycie pomi\u0119dzy lideruj\u0105c\u0105 \u017baglowni\u0105 Pana\u015b a drugim w stawce Agroliderem. Pi\u0142karze obu dru\u017cyn stan\u0119li na wysoko\u015bci zadania, funduj\u0105c kibicom p\u00f3\u0142 godziny dobrego futbolu. I cho\u0107 bli\u017csi szcz\u0119\u015bcia byli w tym meczu pi\u0142karze \u017baglowni, ono u\u015bmiechn\u0119\u0142o si\u0119 do zespo\u0142u Stanis\u0142awa Chartuniewicza. Kilka minut przed ko\u0144cowym gwizdkiem Patryk Baran pokona\u0142 Jerzego Perdjona i pierwsza w tym sezonie przegrana lidera sta\u0142a si\u0119 faktem. Agrolider zr\u00f3wna\u0142 si\u0119 punktami z \u017baglowni\u0105, ale na pierwszym miejscu w tabeli pozostaje wci\u0105\u017c ta druga. Przed liderem wci\u0105\u017c jednak zaleg\u0142y mecz z Blaugran\u0105, kt\u00f3ra w rundzie rewan\u017cowej prezentuje si\u0119 znacznie lepiej ni\u017c przed wakacjami i &#8211; co istotne &#8211; ma realne szanse na zwyci\u0119stwo w lidze. Oba zespo\u0142y w tym sezonie jeszcze nie mia\u0142y okazji stan\u0105\u0107 naprzeciw siebie, ich starcia by\u0142y ju\u017c dwa razy przek\u0142adane. Do trzech razy sztuka? Hmmm, po dotychczasowych wydarzeniach nie gwarantujemy ko\u0144ca &#8222;przek\u0142ada\u0144ca&#8221;. Tym bardziej, \u017ce kolejny termin odrobienia zaleg\u0142o\u015bci ustalono na&#8230; 13 wrze\u015bnia, czyli na wtorek (godz. 19.00). A trzynastego &#8211; jak wiadomo &#8211; wszystko zdarzy\u0107 si\u0119 mo\u017ce&#8230;<\/p>\n<p><strong>UWAGA!<\/strong><\/p>\n<p>W najbli\u017cszym tygodniu nast\u0105pi\u0105 zmiany w terminarzu. W zwi\u0105zku z wyjazdem pi\u0142karzy Zielonych na poligon ich mecze z Internatem ZSK\u015aiA i Drink Teamem zostan\u0105 rozegrane w innym terminie. Przez to zmianom ulegaj\u0105 godziny rozpocz\u0119cia mecz\u00f3w, zaplanowanych po spotkaniach z udzia\u0142em Zielonych. Ponadto ca\u0142a \u015brodowa kolejka (14 wrze\u015bnia) odb\u0119dzie si\u0119 dzie\u0144 p\u00f3\u017aniej &#8211; w czwartek, 15 wrze\u015bnia. Wszystkie szczeg\u00f3\u0142y w terminarzu na stronie g\u0142\u00f3wnej.<\/p>\n<p>&nbsp;<\/p>\n<p style=\"text-align: center;\"><strong>WYNIKI 15. KOLEJKI<\/strong><\/p>\n<p style=\"text-align: center;\"><strong>HOTEL SANTA MONICA &#8211; DRINK TEAM 4:1<\/strong><\/p>\n<p>Bramki dla Hotelu Santa Monica: Piotr Tomkowski, Bart\u0142omiej Kordek, Daniel Niksa i Kacper Serowik; dla Drink Teamu: Daniel \u0141ydzi\u0144ski.<\/p>\n<p style=\"text-align: center;\"><strong>CENTERPASZ &#8211; ZIELONI 1:1<\/strong><\/p>\n<p>Bramka dla Centerpaszu: Mateusz \u0141aszczuk; dla Zielonych: Piotr Rzeszutek.<\/p>\n<p style=\"text-align: center;\"><strong>MAGISTRY &#8211; START DOBA 0:9<\/strong><\/p>\n<p>Bramki: Grzegorz Tunkiewicz &#8211; 5, Arkadiusz Dobosz &#8211; 2, Krzysztof Sadocha i Marcin Anulak.<\/p>\n<p style=\"text-align: center;\"><strong>GRAF &#8211; AMATORS POZEZDRZE 4:1<\/strong><\/p>\n<p>Bramki dla Grafa: Piotr Pawlik &#8211; 3 i Rafa\u0142 O\u0142dziejewski; dla Amators Pozezdrze: \u0141ukasz Mas\u0142owski.<\/p>\n<p style=\"text-align: center;\"><strong>INTERNAT ZSK\u015aiA &#8211; BLAUGRANA 2:14<\/strong><\/p>\n<p>Bramki dla Internatu ZSK\u015aiA: Daniel \u0141akus i Rados\u0142aw Mi\u0142osz; dla Blaugrany: Maciej Kudyk &#8211; 8, Micha\u0142 Sad\u0142os &#8211; 2, Krzysztof Kole\u015bnik &#8211; 2, Pawe\u0142 Siedzik i Krzysztof Kalinowski.<\/p>\n<p style=\"text-align: center;\"><strong>AGROLIDER &#8211; \u017bAGLOWNIA PANA\u015a 1:0<\/strong><\/p>\n<p>Bramka: Patryk Baran.<\/p>\n<p>&nbsp;<\/p>\n<p style=\"text-align: center;\"><strong>TABELA<\/strong><\/p>\n<p>[table id=27 \/]<\/p>\n<p>&nbsp;<\/p>\n<p style=\"text-align: center;\"><strong>STRZELCY<\/strong><\/p>\n<p>1. Maciej Kudyk (Blaugrana) &#8211; 28<\/p>\n<p>2. Piotr Pawlik (Graf) &#8211; 19<\/p>\n<p>3. Witold Lachowicz (Agrolider), Grzegorz Ostrowski &#8211; po 17<\/p>\n<p>4. Kamil Wojciechowski (Agrolider) &#8211; 15<\/p>\n<p>5. Krzysztof Sadocha (Start Doba), Pawe\u0142 Joka (Blaugrana) &#8211; po 11<\/p>\n<p>&nbsp;<\/p>\n","protected":false},"excerpt":{"rendered":"<p>W 15. kolejce amatorskiej ligi pi\u0142karskiej na &#8222;Orliku&#8221; pad\u0142o 38 goli. Ogromna w tym zas\u0142uga pi\u0142karzy Startu Doba i Blaugrany, kt\u00f3rzy a\u017c 23 razy pokonali bramkarzy rywali. W klasyfikacji snajperom rywalom ucieka Maciek Kudyk. W \u015brod\u0119 popularny &#8222;Kujo&#8221; o\u015bmiokrotnie &#8222;przedstawi\u0142 si\u0119&#8221; defensorom i bramkarzowi Internatu [&hellip;]<\/p>\n","protected":false},"author":2,"featured_media":1739,"comment_status":"closed","ping_status":"closed","sticky":false,"template":"","format":"standard","meta":{"footnotes":""},"categories":[68],"tags":[],"class_list":["post-1735","post","type-post","status-publish","format-standard","has-post-thumbnail","hentry","category-liga-orlikowa"],"_links":{"self":[{"href":"https:\/\/mosir.gizycko.pl\/index.php?rest_route=\/wp\/v2\/posts\/1735","targetHints":{"allow":["GET"]}}],"collection":[{"href":"https:\/\/mosir.gizycko.pl\/index.php?rest_route=\/wp\/v2\/posts"}],"about":[{"href":"https:\/\/mosir.gizycko.pl\/index.php?rest_route=\/wp\/v2\/types\/post"}],"author":[{"embeddable":true,"href":"https:\/\/mosir.gizycko.pl\/index.php?rest_route=\/wp\/v2\/users\/2"}],"replies":[{"embeddable":true,"href":"https:\/\/mosir.gizycko.pl\/index.php?rest_route=%2Fwp%2Fv2%2Fcomments&post=1735"}],"version-history":[{"count":2,"href":"https:\/\/mosir.gizycko.pl\/index.php?rest_route=\/wp\/v2\/posts\/1735\/revisions"}],"predecessor-version":[{"id":1742,"href":"https:\/\/mosir.gizycko.pl\/index.php?rest_route=\/wp\/v2\/posts\/1735\/revisions\/1742"}],"wp:featuredmedia":[{"embeddable":true,"href":"https:\/\/mosir.gizycko.pl\/index.php?rest_route=\/wp\/v2\/media\/1739"}],"wp:attachment":[{"href":"https:\/\/mosir.gizycko.pl\/index.php?rest_route=%2Fwp%2Fv2%2Fmedia&parent=1735"}],"wp:term":[{"taxonomy":"category","embeddable":true,"href":"https:\/\/mosir.gizycko.pl\/index.php?rest_route=%2Fwp%2Fv2%2Fcategories&post=1735"},{"taxonomy":"post_tag","embeddable":true,"href":"https:\/\/mosir.gizycko.pl\/index.php?rest_route=%2Fwp%2Fv2%2Ftags&post=1735"}],"curies":[{"name":"wp","href":"https:\/\/api.w.org\/{rel}","templated":true}]}}