{"id":4449,"date":"2021-02-02T11:08:52","date_gmt":"2021-02-02T11:08:52","guid":{"rendered":"http:\/\/mosir.gizycko.pl\/?p=4449"},"modified":"2021-02-02T11:12:05","modified_gmt":"2021-02-02T11:12:05","slug":"uwaga-talent-magda-z-workiem-medali","status":"publish","type":"post","link":"https:\/\/mosir.gizycko.pl\/?p=4449","title":{"rendered":"UWAGA TALENT! MAGDA Z WORKIEM MEDALI"},"content":{"rendered":"<p><strong>Sm\u0119dzik &#8211; warto zapami\u0119ta\u0107 to nazwisko. A dok\u0142adniej: Magdalena Sm\u0119dzik. M\u0142oda panczenistka z Gi\u017cycka specjalizuje si\u0119 ostatnio w kolekcjonowaniu medali. Z Og\u00f3lnopolskiej Olimpiady M\u0142odzie\u017cy w Tomaszowie Mazowieckim przywioz\u0142a do domu a\u017c sze\u015b\u0107 kr\u0105\u017ck\u00f3w, w tym dwa z najcenniejszego kruszcu, wywalczone na jej koronnych sprinterskich dystansach.<\/strong><\/p>\n<p>OOM to presti\u017cowe zawody o randze mistrzostw kraju junior\u00f3w m\u0142odszych. <strong>Magdalena Sm\u0119dzi<\/strong>k zaprezentowa\u0142a si\u0119 w nich fantastycznie, potwierdzaj\u0105c, i\u017c jest obecnie jedn\u0105 z najlepszych polskich \u0142y\u017cwiarek szybkich m\u0142odego pokolenia. 17-letnia reprezentantka UKS Gi\u017cycko (na co dzie\u0144 uczennica Szko\u0142y Mistrzostwa Sportowego w Zakopanem) wygra\u0142a biegi na 500 i 1000 m, zaj\u0119\u0142a ponadto drugie miejsca w wy\u015bcigach na dystansach 1500 i 3000 m oraz w biegu masowym i w wieloboju. Znawcy sportu nie maj\u0105 w\u0105tpliwo\u015bci &#8211; tak znakomitej zawodniczki Gi\u017cycko nie mia\u0142o od czas\u00f3w <strong>Ewy Borkowskiej &#8211; Wasilewskiej<\/strong>, wielokrotnej medalistki Mistrzostw Polski, uczestniczki dw\u00f3ch Igrzysk Olimpijskich. Trzymamy kciuki za kolejne udane wyst\u0119py <strong>Magdy Sm\u0119dzik<\/strong>!<\/p>\n<p><img loading=\"lazy\" decoding=\"async\" class=\"wp-image-4450 aligncenter\" src=\"https:\/\/mosir.gizycko.pl\/wp-content\/uploads\/2021\/02\/smedzik2.jpg\" alt=\"\" width=\"640\" height=\"356\" srcset=\"https:\/\/mosir.gizycko.pl\/wp-content\/uploads\/2021\/02\/smedzik2.jpg 760w, https:\/\/mosir.gizycko.pl\/wp-content\/uploads\/2021\/02\/smedzik2-300x167.jpg 300w\" sizes=\"auto, (max-width: 640px) 100vw, 640px\" \/><\/p>\n","protected":false},"excerpt":{"rendered":"<p>Sm\u0119dzik &#8211; warto zapami\u0119ta\u0107 to nazwisko. A dok\u0142adniej: Magdalena Sm\u0119dzik. M\u0142oda panczenistka z Gi\u017cycka specjalizuje si\u0119 ostatnio w kolekcjonowaniu medali. Z Og\u00f3lnopolskiej Olimpiady M\u0142odzie\u017cy w Tomaszowie Mazowieckim przywioz\u0142a do domu a\u017c sze\u015b\u0107 kr\u0105\u017ck\u00f3w, w tym dwa z najcenniejszego kruszcu, wywalczone na jej koronnych sprinterskich dystansach. [&hellip;]<\/p>\n","protected":false},"author":2,"featured_media":4451,"comment_status":"closed","ping_status":"closed","sticky":false,"template":"","format":"standard","meta":{"footnotes":""},"categories":[63],"tags":[],"class_list":["post-4449","post","type-post","status-publish","format-standard","has-post-thumbnail","hentry","category-lyzwiarstwo-szybkie"],"_links":{"self":[{"href":"https:\/\/mosir.gizycko.pl\/index.php?rest_route=\/wp\/v2\/posts\/4449","targetHints":{"allow":["GET"]}}],"collection":[{"href":"https:\/\/mosir.gizycko.pl\/index.php?rest_route=\/wp\/v2\/posts"}],"about":[{"href":"https:\/\/mosir.gizycko.pl\/index.php?rest_route=\/wp\/v2\/types\/post"}],"author":[{"embeddable":true,"href":"https:\/\/mosir.gizycko.pl\/index.php?rest_route=\/wp\/v2\/users\/2"}],"replies":[{"embeddable":true,"href":"https:\/\/mosir.gizycko.pl\/index.php?rest_route=%2Fwp%2Fv2%2Fcomments&post=4449"}],"version-history":[{"count":1,"href":"https:\/\/mosir.gizycko.pl\/index.php?rest_route=\/wp\/v2\/posts\/4449\/revisions"}],"predecessor-version":[{"id":4452,"href":"https:\/\/mosir.gizycko.pl\/index.php?rest_route=\/wp\/v2\/posts\/4449\/revisions\/4452"}],"wp:featuredmedia":[{"embeddable":true,"href":"https:\/\/mosir.gizycko.pl\/index.php?rest_route=\/wp\/v2\/media\/4451"}],"wp:attachment":[{"href":"https:\/\/mosir.gizycko.pl\/index.php?rest_route=%2Fwp%2Fv2%2Fmedia&parent=4449"}],"wp:term":[{"taxonomy":"category","embeddable":true,"href":"https:\/\/mosir.gizycko.pl\/index.php?rest_route=%2Fwp%2Fv2%2Fcategories&post=4449"},{"taxonomy":"post_tag","embeddable":true,"href":"https:\/\/mosir.gizycko.pl\/index.php?rest_route=%2Fwp%2Fv2%2Ftags&post=4449"}],"curies":[{"name":"wp","href":"https:\/\/api.w.org\/{rel}","templated":true}]}}