{"id":5515,"date":"2023-10-18T10:39:28","date_gmt":"2023-10-18T10:39:28","guid":{"rendered":"http:\/\/mosir.gizycko.pl\/?p=5515"},"modified":"2023-10-18T10:44:25","modified_gmt":"2023-10-18T10:44:25","slug":"niebawem-kolejna-gizycka-mila","status":"publish","type":"post","link":"https:\/\/mosir.gizycko.pl\/?p=5515","title":{"rendered":"NIEBAWEM KOLEJNA GI\u017bYCKA MILA"},"content":{"rendered":"\n<p><strong>Przed nami kolejne \u015bwi\u0119to biegania. Miejski O\u015brodek Sportu i Rekreacji oraz Jolanta \u015awiderska zapraszaj\u0105 na III Gi\u017cyck\u0105 Mil\u0119, kt\u00f3ra odb\u0119dzie si\u0119 29 pa\u017adziernika (niedziela) na stadionie MOSiR.<\/strong><\/p>\n\n\n\n<p>Rywalizacja rozpocznie si\u0119 o godz. 11.00 (zapisy na miejscu od 10.30), planowane s\u0105 zmagania na dystansach od 60 do 1600 metr\u00f3w. Szczeg\u00f3\u0142y na plakacie.<\/p>\n\n\n\n<figure class=\"wp-block-image\"><img loading=\"lazy\" decoding=\"async\" width=\"1414\" height=\"2000\" src=\"https:\/\/mosir.gizycko.pl\/wp-content\/uploads\/2023\/10\/Gizycka-Mila-3-poprawiony.png\" alt=\"\" class=\"wp-image-5516\" srcset=\"https:\/\/mosir.gizycko.pl\/wp-content\/uploads\/2023\/10\/Gizycka-Mila-3-poprawiony.png 1414w, https:\/\/mosir.gizycko.pl\/wp-content\/uploads\/2023\/10\/Gizycka-Mila-3-poprawiony-212x300.png 212w, https:\/\/mosir.gizycko.pl\/wp-content\/uploads\/2023\/10\/Gizycka-Mila-3-poprawiony-724x1024.png 724w, https:\/\/mosir.gizycko.pl\/wp-content\/uploads\/2023\/10\/Gizycka-Mila-3-poprawiony-768x1086.png 768w, https:\/\/mosir.gizycko.pl\/wp-content\/uploads\/2023\/10\/Gizycka-Mila-3-poprawiony-1086x1536.png 1086w, https:\/\/mosir.gizycko.pl\/wp-content\/uploads\/2023\/10\/Gizycka-Mila-3-poprawiony-950x1344.png 950w\" sizes=\"auto, (max-width: 1414px) 100vw, 1414px\" \/><\/figure>\n","protected":false},"excerpt":{"rendered":"<p>Przed nami kolejne \u015bwi\u0119to biegania. Miejski O\u015brodek Sportu i Rekreacji oraz Jolanta \u015awiderska zapraszaj\u0105 na III Gi\u017cyck\u0105 Mil\u0119, kt\u00f3ra odb\u0119dzie si\u0119 29 pa\u017adziernika (niedziela) na stadionie MOSiR. Rywalizacja rozpocznie si\u0119 o godz. 11.00 (zapisy na miejscu od 10.30), planowane s\u0105 zmagania na dystansach od 60 [&hellip;]<\/p>\n","protected":false},"author":2,"featured_media":5519,"comment_status":"closed","ping_status":"closed","sticky":false,"template":"","format":"standard","meta":{"footnotes":""},"categories":[59],"tags":[],"class_list":["post-5515","post","type-post","status-publish","format-standard","has-post-thumbnail","hentry","category-biegi"],"_links":{"self":[{"href":"https:\/\/mosir.gizycko.pl\/index.php?rest_route=\/wp\/v2\/posts\/5515","targetHints":{"allow":["GET"]}}],"collection":[{"href":"https:\/\/mosir.gizycko.pl\/index.php?rest_route=\/wp\/v2\/posts"}],"about":[{"href":"https:\/\/mosir.gizycko.pl\/index.php?rest_route=\/wp\/v2\/types\/post"}],"author":[{"embeddable":true,"href":"https:\/\/mosir.gizycko.pl\/index.php?rest_route=\/wp\/v2\/users\/2"}],"replies":[{"embeddable":true,"href":"https:\/\/mosir.gizycko.pl\/index.php?rest_route=%2Fwp%2Fv2%2Fcomments&post=5515"}],"version-history":[{"count":1,"href":"https:\/\/mosir.gizycko.pl\/index.php?rest_route=\/wp\/v2\/posts\/5515\/revisions"}],"predecessor-version":[{"id":5517,"href":"https:\/\/mosir.gizycko.pl\/index.php?rest_route=\/wp\/v2\/posts\/5515\/revisions\/5517"}],"wp:featuredmedia":[{"embeddable":true,"href":"https:\/\/mosir.gizycko.pl\/index.php?rest_route=\/wp\/v2\/media\/5519"}],"wp:attachment":[{"href":"https:\/\/mosir.gizycko.pl\/index.php?rest_route=%2Fwp%2Fv2%2Fmedia&parent=5515"}],"wp:term":[{"taxonomy":"category","embeddable":true,"href":"https:\/\/mosir.gizycko.pl\/index.php?rest_route=%2Fwp%2Fv2%2Fcategories&post=5515"},{"taxonomy":"post_tag","embeddable":true,"href":"https:\/\/mosir.gizycko.pl\/index.php?rest_route=%2Fwp%2Fv2%2Ftags&post=5515"}],"curies":[{"name":"wp","href":"https:\/\/api.w.org\/{rel}","templated":true}]}}