{"id":5720,"date":"2025-08-14T11:54:25","date_gmt":"2025-08-14T11:54:25","guid":{"rendered":"http:\/\/mosir.gizycko.pl\/?p=5720"},"modified":"2025-08-18T15:02:48","modified_gmt":"2025-08-18T15:02:48","slug":"maciej-kudyk-bezkonkurencyjny","status":"publish","type":"post","link":"https:\/\/mosir.gizycko.pl\/?p=5720","title":{"rendered":"MACIEJ KUDYK BEZKONKURENCYJNY"},"content":{"rendered":"\n<p><strong>Korty tenisowe przy stadionie MOSiR znowu czynne (ich operatorem w tym sezonie jest AZS Wilkasy &#8211; dyrektor Marek Szlachta). W miniony weekend mo\u017cliwo\u015b\u0107 przetestowania obiektu po d\u0142u\u017cszej przerwie mieli uczestnicy Letniego Turnieju Nauczycieli. W szranki stan\u0119\u0142o o\u015bmiu tenisist\u00f3w, a najlepszy okaza\u0142 si\u0119 Maciej Kudyk z Gi\u017cycka<\/strong>.<\/p>\n\n\n\n<p>42-latek wygra\u0142 pi\u0119\u0107 pojedynk\u00f3w, w finale 6:2 ogrywaj\u0105c <strong>Roberta Karnieja<\/strong> z Olecka. Trzecie miejsce &#8211; po wygranej 6:3 z gi\u017cycczaninem <strong>Adamem Ingielewiczem<\/strong> &#8211; wywalczy\u0142 <strong>Bogdan Frydrych<\/strong> z Sejn. Na kolejnych miejscach uplasowali si\u0119:<strong> Marcin \u0141obodzi\u0144ski<\/strong> (Gi\u017cycko, organizator zmaga\u0144), <strong>S\u0142awomir Ka\u017carnowicz <\/strong>(K\u0119trzyn), <strong>Tadeusz Hrynaszkiewicz<\/strong> (Suwa\u0142ki) i <strong>Piotr Gieczewski<\/strong> (Gi\u017cycko). <\/p>\n\n\n\n<figure class=\"wp-block-image size-large\"><img loading=\"lazy\" decoding=\"async\" width=\"1024\" height=\"541\" src=\"https:\/\/mosir.gizycko.pl\/wp-content\/uploads\/2025\/08\/tenis-2-1024x541.jpg\" alt=\"\" class=\"wp-image-5722\" srcset=\"https:\/\/mosir.gizycko.pl\/wp-content\/uploads\/2025\/08\/tenis-2-1024x541.jpg 1024w, https:\/\/mosir.gizycko.pl\/wp-content\/uploads\/2025\/08\/tenis-2-300x158.jpg 300w, https:\/\/mosir.gizycko.pl\/wp-content\/uploads\/2025\/08\/tenis-2-768x405.jpg 768w, https:\/\/mosir.gizycko.pl\/wp-content\/uploads\/2025\/08\/tenis-2-950x501.jpg 950w, https:\/\/mosir.gizycko.pl\/wp-content\/uploads\/2025\/08\/tenis-2.jpg 1148w\" sizes=\"auto, (max-width: 1024px) 100vw, 1024px\" \/><\/figure>\n\n\n\n<p>W najbli\u017csz\u0105 sobot\u0119 (16 sierpnia) na kortach MOSiR odb\u0119dzie si\u0119 Turniej Deblowy o Puchar AZS Wilkasy. Pocz\u0105tek o godz. 10.00, szczeg\u00f3\u0142owych informacji na temat zmaga\u0144 udziela Dariusz Kusznerczuk (tel. 608-502-898). <\/p>\n","protected":false},"excerpt":{"rendered":"<p>Korty tenisowe przy stadionie MOSiR znowu czynne (ich operatorem w tym sezonie jest AZS Wilkasy &#8211; dyrektor Marek Szlachta). W miniony weekend mo\u017cliwo\u015b\u0107 przetestowania obiektu po d\u0142u\u017cszej przerwie mieli uczestnicy Letniego Turnieju Nauczycieli. W szranki stan\u0119\u0142o o\u015bmiu tenisist\u00f3w, a najlepszy okaza\u0142 si\u0119 Maciej Kudyk z [&hellip;]<\/p>\n","protected":false},"author":2,"featured_media":5721,"comment_status":"closed","ping_status":"closed","sticky":false,"template":"","format":"standard","meta":{"footnotes":""},"categories":[1],"tags":[],"class_list":["post-5720","post","type-post","status-publish","format-standard","has-post-thumbnail","hentry","category-uncategorized"],"_links":{"self":[{"href":"https:\/\/mosir.gizycko.pl\/index.php?rest_route=\/wp\/v2\/posts\/5720","targetHints":{"allow":["GET"]}}],"collection":[{"href":"https:\/\/mosir.gizycko.pl\/index.php?rest_route=\/wp\/v2\/posts"}],"about":[{"href":"https:\/\/mosir.gizycko.pl\/index.php?rest_route=\/wp\/v2\/types\/post"}],"author":[{"embeddable":true,"href":"https:\/\/mosir.gizycko.pl\/index.php?rest_route=\/wp\/v2\/users\/2"}],"replies":[{"embeddable":true,"href":"https:\/\/mosir.gizycko.pl\/index.php?rest_route=%2Fwp%2Fv2%2Fcomments&post=5720"}],"version-history":[{"count":3,"href":"https:\/\/mosir.gizycko.pl\/index.php?rest_route=\/wp\/v2\/posts\/5720\/revisions"}],"predecessor-version":[{"id":5769,"href":"https:\/\/mosir.gizycko.pl\/index.php?rest_route=\/wp\/v2\/posts\/5720\/revisions\/5769"}],"wp:featuredmedia":[{"embeddable":true,"href":"https:\/\/mosir.gizycko.pl\/index.php?rest_route=\/wp\/v2\/media\/5721"}],"wp:attachment":[{"href":"https:\/\/mosir.gizycko.pl\/index.php?rest_route=%2Fwp%2Fv2%2Fmedia&parent=5720"}],"wp:term":[{"taxonomy":"category","embeddable":true,"href":"https:\/\/mosir.gizycko.pl\/index.php?rest_route=%2Fwp%2Fv2%2Fcategories&post=5720"},{"taxonomy":"post_tag","embeddable":true,"href":"https:\/\/mosir.gizycko.pl\/index.php?rest_route=%2Fwp%2Fv2%2Ftags&post=5720"}],"curies":[{"name":"wp","href":"https:\/\/api.w.org\/{rel}","templated":true}]}}