{"id":932,"date":"2016-03-08T11:02:34","date_gmt":"2016-03-08T11:02:34","guid":{"rendered":"http:\/\/mosir.gizycko.pl\/?p=932"},"modified":"2017-07-02T14:24:19","modified_gmt":"2017-07-02T14:24:19","slug":"koniec-kopania-pod-dachem","status":"publish","type":"post","link":"https:\/\/mosir.gizycko.pl\/?p=932","title":{"rendered":"KONIEC KOPANIA &#8222;POD DACHEM&#8221;"},"content":{"rendered":"<p><strong>Sezon halowej &#8222;kopanej&#8221; dobieg\u0142 ko\u0144ca. Jego oficjalnym fina\u0142em by\u0142 tradycyjnie coroczny Memoria\u0142 Eugeniusza Ekstowicza, zorganizowany przez MOSiR ju\u017c po raz dwudziesty sz\u00f3sty. W dwudniowej imprezie triumfowali futboli\u015bci Ole\u0144ki i Majora.<\/strong><\/p>\n<p>Turniej rozegrano w dw\u00f3ch kategoriach wiekowych. W m\u0142odszej (open) faworytami od pocz\u0105tku by\u0142y ekipy Ole\u0144ki i Roberts Port Hotelu, opartego na czwartoligowcach \u015aniardw Orzysz. Zgodnie z przewidywaniami obie ekipy wygra\u0142y rywalizacj\u0119 w swoich pi\u0119ciodru\u017cynowych grupach oraz spotkania p\u00f3\u0142fina\u0142owe: Ole\u0144ka z Bufu 10:0, a Hotel z Czempionami 3:0. Po ko\u0144cowej syrenie starcia o &#8222;z\u0142oto&#8221; na tablicy wynik\u00f3w widnia\u0142y dwie jedynki, konieczne by\u0142y wi\u0119c rzuty karne, a w nich 5:4 triumfowa\u0142y nasze &#8222;Dywaniki&#8221; (na zdj\u0119ciu w pe\u0142nej krasie) i to one zako\u0144czy\u0142y ten sezon na szczycie (&#8222;br\u0105z&#8221; dla Czempion\u00f3w po wygranej z Bufu 4:1).<\/p>\n<p><img loading=\"lazy\" decoding=\"async\" class=\"alignnone wp-image-937\" src=\"https:\/\/mosir.gizycko.pl\/wp-content\/uploads\/2016\/03\/olen.jpg\" alt=\"olen\" width=\"640\" height=\"441\" srcset=\"https:\/\/mosir.gizycko.pl\/wp-content\/uploads\/2016\/03\/olen.jpg 425w, https:\/\/mosir.gizycko.pl\/wp-content\/uploads\/2016\/03\/olen-300x207.jpg 300w\" sizes=\"auto, (max-width: 640px) 100vw, 640px\" \/><\/p>\n<p>Za najlepszego bramkarza sobotniego turnieju uznano Sebastiana Wojtowicza z Ole\u0144ki, za\u015b statuetk\u0119 przeznaczon\u0105 dla kr\u00f3la strzelc\u00f3w odebra\u0142 Maciej Gawli\u0144ski z Hotelu Roberts Port.<\/p>\n<p style=\"text-align: justify;\">W niedziel\u0119 o Memoria\u0142owe punkty rywalizowali oldboje. W bardzo wyr\u00f3wnanej stawce pi\u0119ciu zespo\u0142\u00f3w najwi\u0119cej &#8222;oczek&#8221; zgromadzili pi\u0142karze Majora, naszpikowani by\u0142ymi (i nie tylko) gwiazdami lokalnego futbolu.<\/p>\n<p style=\"text-align: justify;\"><img loading=\"lazy\" decoding=\"async\" class=\"alignnone wp-image-935\" src=\"https:\/\/mosir.gizycko.pl\/wp-content\/uploads\/2016\/03\/DSC02571.jpg\" alt=\"DSC02571\" width=\"640\" height=\"479\" srcset=\"https:\/\/mosir.gizycko.pl\/wp-content\/uploads\/2016\/03\/DSC02571.jpg 571w, https:\/\/mosir.gizycko.pl\/wp-content\/uploads\/2016\/03\/DSC02571-300x224.jpg 300w, https:\/\/mosir.gizycko.pl\/wp-content\/uploads\/2016\/03\/DSC02571-259x194.jpg 259w\" sizes=\"auto, (max-width: 640px) 100vw, 640px\" \/><\/p>\n<p style=\"text-align: justify;\">W mistrzowskiej ekipie wyst\u0105pili m.in. bracia Jacek i Przemys\u0142aw Cemkowie (obaj na zdj\u0119ciu), Micha\u0142 Sad\u0142os, Krzysztof Kole\u015bnik, Tomasz Kudyk oraz rzadko ostatnimi czasy (niestety) ogl\u0105dany na parkiecie Grzegorz Bier\u0107, kt\u00f3ry jak za starych dobrych czas\u00f3w bezlito\u015bnie kr\u0119ci\u0142 defensywami rywali, od czasu do czasu osobi\u015bcie lokuj\u0105c pi\u0142k\u0119 w siatce. By\u0142y pomocnik Mamr zdoby\u0142 trzy gole i to wystarczy\u0142o, by zabra\u0107 do domu nagrod\u0119 dla najlepszego snajpera niedzielnych zawod\u00f3w. W nietypowej dla siebie roli wyst\u0105pi\u0142 tym razem Sylwester \u017bylewicz. Kibice, przyzwyczajeni do &#8222;\u017by\u0142y&#8221;- egzekutora, tym razem obejrzeli &#8222;\u017by\u0142\u0119&#8221;- golkipera. A \u017ce mi\u0119dzy s\u0142upkami w\u0142asnej bramki pi\u0142karz Iskry Kamionki radzi\u0142 sobie r\u00f3wnie dobrze jak na polu karnym przeciwnika, okrzykni\u0119to go &#8222;debe\u015bciakiem&#8221; w\u015br\u00f3d golkiper\u00f3w.<\/p>\n<p style=\"text-align: justify;\">Z kronikarskiego obowi\u0105zku odnotujmy, i\u017c drugie miejsce w rywalizacji oldboj\u00f3w przypad\u0142o mistrzowi tegorocznej &#8222;hal\u00f3wki&#8221; Grafowi, a podium uzupe\u0142ni\u0142a Iskra. Czwarta pozycja przypad\u0142a ekipie GPB Lewczyk, stawk\u0119 zamkn\u0119li za\u015b pi\u0142karze Oldboy&#8217;a (na zdj\u0119ciu poni\u017cej filary dru\u017cyny: Arkadiusz Szafnik i Marek Grochowski).<\/p>\n<p style=\"text-align: justify;\"><img loading=\"lazy\" decoding=\"async\" class=\"alignnone wp-image-936\" src=\"https:\/\/mosir.gizycko.pl\/wp-content\/uploads\/2016\/03\/DSC02579.jpg\" alt=\"DSC02579\" width=\"640\" height=\"430\" srcset=\"https:\/\/mosir.gizycko.pl\/wp-content\/uploads\/2016\/03\/DSC02579.jpg 595w, https:\/\/mosir.gizycko.pl\/wp-content\/uploads\/2016\/03\/DSC02579-300x202.jpg 300w\" sizes=\"auto, (max-width: 640px) 100vw, 640px\" \/><\/p>\n<p style=\"text-align: right;\"><strong>bz<\/strong><\/p>\n<p>&nbsp;<\/p>\n","protected":false},"excerpt":{"rendered":"<p>Sezon halowej &#8222;kopanej&#8221; dobieg\u0142 ko\u0144ca. Jego oficjalnym fina\u0142em by\u0142 tradycyjnie coroczny Memoria\u0142 Eugeniusza Ekstowicza, zorganizowany przez MOSiR ju\u017c po raz dwudziesty sz\u00f3sty. W dwudniowej imprezie triumfowali futboli\u015bci Ole\u0144ki i Majora. Turniej rozegrano w dw\u00f3ch kategoriach wiekowych. W m\u0142odszej (open) faworytami od pocz\u0105tku by\u0142y ekipy Ole\u0144ki [&hellip;]<\/p>\n","protected":false},"author":2,"featured_media":934,"comment_status":"closed","ping_status":"closed","sticky":false,"template":"","format":"standard","meta":{"footnotes":""},"categories":[41],"tags":[],"class_list":["post-932","post","type-post","status-publish","format-standard","has-post-thumbnail","hentry","category-futsal"],"_links":{"self":[{"href":"https:\/\/mosir.gizycko.pl\/index.php?rest_route=\/wp\/v2\/posts\/932","targetHints":{"allow":["GET"]}}],"collection":[{"href":"https:\/\/mosir.gizycko.pl\/index.php?rest_route=\/wp\/v2\/posts"}],"about":[{"href":"https:\/\/mosir.gizycko.pl\/index.php?rest_route=\/wp\/v2\/types\/post"}],"author":[{"embeddable":true,"href":"https:\/\/mosir.gizycko.pl\/index.php?rest_route=\/wp\/v2\/users\/2"}],"replies":[{"embeddable":true,"href":"https:\/\/mosir.gizycko.pl\/index.php?rest_route=%2Fwp%2Fv2%2Fcomments&post=932"}],"version-history":[{"count":3,"href":"https:\/\/mosir.gizycko.pl\/index.php?rest_route=\/wp\/v2\/posts\/932\/revisions"}],"predecessor-version":[{"id":939,"href":"https:\/\/mosir.gizycko.pl\/index.php?rest_route=\/wp\/v2\/posts\/932\/revisions\/939"}],"wp:featuredmedia":[{"embeddable":true,"href":"https:\/\/mosir.gizycko.pl\/index.php?rest_route=\/wp\/v2\/media\/934"}],"wp:attachment":[{"href":"https:\/\/mosir.gizycko.pl\/index.php?rest_route=%2Fwp%2Fv2%2Fmedia&parent=932"}],"wp:term":[{"taxonomy":"category","embeddable":true,"href":"https:\/\/mosir.gizycko.pl\/index.php?rest_route=%2Fwp%2Fv2%2Fcategories&post=932"},{"taxonomy":"post_tag","embeddable":true,"href":"https:\/\/mosir.gizycko.pl\/index.php?rest_route=%2Fwp%2Fv2%2Ftags&post=932"}],"curies":[{"name":"wp","href":"https:\/\/api.w.org\/{rel}","templated":true}]}}